{"id":108,"date":"2021-10-19T17:30:00","date_gmt":"2021-10-19T17:30:00","guid":{"rendered":"https:\/\/www.archivesmgrracine.org\/diffusion\/?p=108"},"modified":"2024-11-06T14:16:12","modified_gmt":"2024-11-06T14:16:12","slug":"nos-pretres-dans-le-paysage-sherbrookois-la-toponymie-et-patrimoine-religieux","status":"publish","type":"post","link":"https:\/\/www.archivesmgrracine.org\/diffusion\/2021\/10\/19\/nos-pretres-dans-le-paysage-sherbrookois-la-toponymie-et-patrimoine-religieux\/","title":{"rendered":"Nos pr\u00eatres dans le paysage sherbrookois : Mgr\u00a0Antoine Racine"},"content":{"rendered":"\n<p>La ville de Sherbrooke compte pr\u00e8s de 2&nbsp;400 toponymies diff\u00e9rentes pour d\u00e9signer ses rues, ses ponts et ses parcs. Parmi ces multiples toponymes, certains d\u2019entre eux rendent hommage \u00e0 quelques religieux qui ont marqu\u00e9 l\u2019histoire de Sherbrooke et de ses environs.&nbsp; \u00c0 travers une s\u00e9rie de six articles, de brefs portraits de quelques figures religieuses notoires derri\u00e8re certains toponymes de la ville de Sherbrooke seront mis en lumi\u00e8re. Le premier article porte sur le premier \u00e9v\u00eaque de Sherbrooke&nbsp;: Mgr Antoine Racine.<\/p>\n\n\n\n<h4>L&rsquo;abb\u00e9 Antoine Racine au dioc\u00e8se de Qu\u00e9bec (1844-1874)<\/h4>\n\n\n\n<div class=\"wp-container-2 wp-block-group\"><div class=\"wp-block-group__inner-container\">\n<div class=\"wp-container-1 wp-block-group\"><div class=\"wp-block-group__inner-container\">\n<p>Antoine Racine est n\u00e9 le 26 janvier 1822 \u00e0 Saint-Ambroise-de-la-Jeune-Lorette. \u00c0 la suite de son ordination le 12 septembre 1844 \u00e0 la Cath\u00e9drale de Qu\u00e9bec, l\u2019abb\u00e9 Racine occupe divers postes dans quelques paroisses des environs de Qu\u00e9bec avant de s\u2019installer \u00e0 Sherbrooke. Il a \u00e9t\u00e9 notamment vicaire \u00e0 La Malbaie, puis le premier cur\u00e9 de Stanfold \u00e0 partir de 1848. Le cur\u00e9 Racine a eu un impact immense dans cette r\u00e9gion, car tout \u00e9tait \u00e0 b\u00e2tir&nbsp;: de la sacristie jusqu\u2019\u00e0 une chapelle accueillante et fonctionnelle. La population de Stanfold a grandement appr\u00e9ci\u00e9 leur premier cur\u00e9 ainsi que tout ce qu\u2019il a fait pour eux. C\u2019est avec regret que cette population, en 1851, se voit assigner un nouveau cur\u00e9, signifiant le d\u00e9part de l\u2019abb\u00e9 Racine pour d\u2019autres d\u00e9fis. <\/p>\n\n\n\n<div class=\"wp-block-image\"><figure class=\"alignright size-large is-resized\"><img src=\"https:\/\/www.archivesmgrracine.org\/diffusion\/wp-content\/uploads\/2021\/12\/A7SL-1-Racine-1-746x1024.jpg\" alt=\"\" class=\"wp-image-202\" width=\"325\" height=\"447\" srcset=\"https:\/\/www.archivesmgrracine.org\/diffusion\/wp-content\/uploads\/2021\/12\/A7SL-1-Racine-1-746x1024.jpg 746w, https:\/\/www.archivesmgrracine.org\/diffusion\/wp-content\/uploads\/2021\/12\/A7SL-1-Racine-1-219x300.jpg 219w, https:\/\/www.archivesmgrracine.org\/diffusion\/wp-content\/uploads\/2021\/12\/A7SL-1-Racine-1-768x1054.jpg 768w, https:\/\/www.archivesmgrracine.org\/diffusion\/wp-content\/uploads\/2021\/12\/A7SL-1-Racine-1-1119x1536.jpg 1119w, https:\/\/www.archivesmgrracine.org\/diffusion\/wp-content\/uploads\/2021\/12\/A7SL-1-Racine-1.jpg 1417w\" sizes=\"(max-width: 325px) 100vw, 325px\" \/><figcaption> C\u00e9r\u00e9monie d&rsquo;intronisation de Mgr Antoine Racine \u00e0 la Cath\u00e9drale de Qu\u00e9bec, 1874, versement 94-79-11 <\/figcaption><\/figure><\/div>\n\n\n\n<h4>Mgr Antoine Racine, \u00c9v\u00eaque de Sherbrooke (1874-1893)<\/h4>\n\n\n\n<p>C\u2019est en 1874 que ce dernier s\u2019\u00e9tablit \u00e0 Sherbrooke, o\u00f9 il sera consacr\u00e9 \u00e9v\u00eaque du nouveau dioc\u00e8se le 18 octobre de la m\u00eame ann\u00e9e. Fondateur du dioc\u00e8se de Sherbrooke, il est \u00e0 l\u2019origine de nombreuses r\u00e9alisations. Parmi celles-ci, notons la fondation du S\u00e9minaire Saint-Charles-Borrom\u00e9e en 1875, qui est d\u2019ailleurs toujours en activit\u00e9 de nos jours sous le nom du S\u00e9minaire de Sherbrooke. Mgr Antoine Racine a occup\u00e9 dans cet \u00e9tablissement la fonction de sup\u00e9rieur pendant 4 ans et celui de professeur pendant 10 ans. Lors de ses sept premi\u00e8res ann\u00e9es de professorat, il a enseign\u00e9 la th\u00e9ologie morale, avant de passer trois ann\u00e9es \u00e0 l\u2019enseignement de la th\u00e9ologie dogmatique.<\/p>\n<\/div><\/div>\n<\/div><\/div>\n\n\n\n<p class=\"has-text-color\" style=\"color:#ffffff;font-size:2px\"><\/p>\n\n\n\n<blockquote class=\"wp-block-quote is-style-large\"><p>\u00ab Son enseignement clair, pr\u00e9cis et pratique \u00e9tait facilement saisi par ses \u00e9l\u00e8ves qu\u2019il encourageait aussi au travail par ses paroles et son exemple \u00bb<\/p><cite><em>Annuaire du S\u00e9minaire Saint-Charles-Borrom\u00e9e de Sherbrooke, 1893-1894. vol. 3, n\u00b019, p. 221.<\/em><\/cite><\/blockquote>\n\n\n\n<p class=\"has-white-color has-text-color\">lllllllllllllllllllllllllllllllllllllllllllllllllllllllllllllllllllllllllllllllllllllllllllllllllllllllllllllllllllllllllllllllllllllllllllllll<\/p>\n\n\n\n<p>Toujours au cours de l\u2019ann\u00e9e 1875, Mgr Racine souhaitait avoir un h\u00f4pital pour les soins des malades. C\u2019est sur son invitation que les S\u0153urs de la Charit\u00e9 de Saint-Hyacinthe, plus connues sous le nom de S\u0153urs Grises, arrivent \u00e0 Sherbrooke pour prendre en charge le nouvel Hospice du Sacr\u00e9-C\u0153ur. Toujours dans l\u2019id\u00e9e de d\u00e9velopper le dioc\u00e8se et d\u2019accroire la pr\u00e9sence catholique dans un territoire jusque-l\u00e0 surtout protestant et anglophone, le premier \u00e9v\u00eaque de Sherbrooke invitera diverses communaut\u00e9s religieuses \u00e0 s\u2019\u00e9tablir dans la r\u00e9gion, notamment les S\u0153urs de la Pr\u00e9sentation de Marie \u00e0 Coaticook, les Fr\u00e8res du Sacr\u00e9-C\u0153ur \u00e0 Sherbrooke et les Ursulines \u00e0 Stanstead. Mgr Racine participa \u00e9galement \u00e0 la fondation de la Soci\u00e9t\u00e9 de colonisation de Sherbrooke en 1881. Cette organisation, dont le principal objectif \u00e9tait d\u2019attirer de nouveaux colons, a grandement contribu\u00e9 au d\u00e9veloppement des infrastructures de la r\u00e9gion. Par exemple, cette derni\u00e8re a permis la construction de chemins dans les r\u00e9gions plus pauvres et \u00e9loign\u00e9es des Cantons de l\u2019Est en plus de ponts indispensables pour les d\u00e9placements. Cette soci\u00e9t\u00e9 a \u00e9galement aid\u00e9 \u00e0 la r\u00e9paration ou la construction de monuments religieux comme les \u00e9glises. Mgr Antoine Racine s\u2019\u00e9teindra le 17 juillet 1893 \u00e0 Sherbrooke, \u00e0 l\u2019\u00e2ge de 72 ans, laissant le jeune dioc\u00e8se de Sherbrooke avec plus de 54 paroisses actives.&nbsp;<\/p>\n\n\n\n<div class=\"wp-container-3 wp-block-group\"><div class=\"wp-block-group__inner-container\">\n<p>Dans le quotidien, le premier \u00e9v\u00eaque de Sherbrooke \u00e9tait un homme pers\u00e9v\u00e9rant, d\u00e9brouillard et extr\u00eamement travaillant.&nbsp; Plusieurs personnes ayant eu la chance de le c\u00f4toyer disaient de Mgr Antoine Racine qu\u2019il \u00e9tait un bourreau de travail infatigable. En effet, ce dernier restait tr\u00e8s actif et s\u2019informait continuellement de tous les projets dont il \u00e9tait \u00e0 l\u2019origine. De plus, il \u00e9tait \u00e0 l\u2019\u00e9coute de l\u2019autre en plus d\u2019\u00eatre toujours pr\u00eat \u00e0 aider autrui. Tant les catholiques que les protestants tenaient en respect et en grande estime cet homme en plus de lui vouer une immense confiance. Le premier \u00e9v\u00eaque de Sherbrooke avait un jugement profond et il \u00e9tait excessivement cultiv\u00e9. Mgr Racine \u00e9tait \u00e9galement un grand orateur, un homme d\u2019ordre et de vertus.<\/p>\n\n\n\n<div class=\"wp-block-image\"><figure class=\"alignleft size-large is-resized\"><img src=\"https:\/\/www.archivesmgrracine.org\/diffusion\/wp-content\/uploads\/2021\/12\/SPA1202.004_300ppp-796x1024.jpg\" alt=\"\" class=\"wp-image-203\" width=\"257\" height=\"329\"\/><figcaption>Portrait de Mgr Antoine Racine, [18-], SPA1202.004<\/figcaption><\/figure><\/div>\n<\/div><\/div>\n\n\n\n<figure class=\"wp-block-pullquote is-style-default\"><blockquote><p>\u00ab Son esprit \u00e9tait essentiellement droit. Il voulait le bien. Quand il croyait l\u2019avoir, il le poursuivait avec toute l\u2019ardeur de ses convictions; aucun obstacle, aucune consid\u00e9ration ne l\u2019arr\u00eatait; pour lui, de l\u2019id\u00e9e \u00e0 l\u2019action, il n\u2019y avait qu\u2019un pas. Je [abb\u00e9 J.B. Proulx] puis dire qu\u2019il a \u00e9t\u00e9 le soldat, le chevalier de la v\u00e9rit\u00e9 \u00bb<\/p><cite><em>Le Progr\u00e8s de l\u2019Est, 28 juillet 1893<\/em><\/cite><\/blockquote><\/figure>\n\n\n\n<h4>Mgr Antoine Racine dans la toponymie<\/h4>\n\n\n\n<p>Il est difficile de quantifier tout l\u2019h\u00e9ritage que Mgr Racine a laiss\u00e9 \u00e0 la population du dioc\u00e8se. Ses actions ont amen\u00e9 de nombreux organismes \u00e0 offrir des services sociaux et spirituels \u00e0 la population, permettant \u00e0 la ville de prosp\u00e9rer. C\u2019est pour rendre hommage \u00e0 notre premier \u00e9v\u00eaque que le Regroupement des Archives du S\u00e9minaire de Sherbrooke et de l\u2019Archev\u00each\u00e9 de Sherbrooke a d\u00e9cid\u00e9 de donner son nom au nouveau Centre d\u2019archives Mgr-Antoine-Racine, inaugur\u00e9 en d\u00e9cembre 2016. Il est aussi possible de retrouver le toponyme Antoine-Racine dans la ville de Sherbrooke avec le parc Antoine-Racine, situ\u00e9 au centre-ville de Sherbrooke, pr\u00e8s de la rue Ball. Ce parc a officiellement pris ce nom le 5 juin 2001. Hors de la ville, \u00e0 quelques kilom\u00e8tres de Sherbrooke, la municipalit\u00e9 de Racine a \u00e9t\u00e9 nomm\u00e9e en l\u2019honneur du premier \u00e9v\u00eaque de Sherbrooke. En 1885, ce toponyme \u00e9tait seulement attribu\u00e9 au bureau de poste. C&rsquo;est avec le temps que le nom de Racine a fini par identifier l\u2019ensemble de la municipalit\u00e9.<\/p>\n\n\n\n<p class=\"has-text-color\" style=\"color:#ffffff;font-size:1px\">klkl<\/p>\n\n\n\n<p>Joanie Lavoie, B\u00e9n\u00e9vole au Centre d&rsquo;archives Mgr-Antoine-Racine<\/p>\n\n\n\n<hr class=\"wp-block-separator\"\/>\n\n\n\n<div class=\"wp-container-4 wp-block-group\"><div class=\"wp-block-group__inner-container\">\n<p>R\u00e9f\u00e9rences&nbsp;:<\/p>\n\n\n\n<p class=\"has-small-font-size\">Gouvernement du Qu\u00e9bec. <em>Commission de toponymie <\/em>[site Web], 2012. Consult\u00e9 le 1<sup>er<\/sup> juin 2021. &lt;<a href=\"https:\/\/toponymie.gouv.qc.ca\/ct\/ToposWeb\/Fiche.aspx?no_seq=367693\">https:\/\/toponymie.gouv.qc.ca\/ct\/ToposWeb\/Fiche.aspx?no_seq=367693<\/a> &gt;.<\/p>\n\n\n\n<p class=\"has-small-font-size\">Municipalit\u00e9 de Racine. <em>Histoire et patrimoine <\/em>[site Web], 2021. Consult\u00e9 le 6 juillet 2021. &lt;<a href=\"https:\/\/municipalite.racine.qc.ca\/gestion-municipale\/histoire-et-patrimoine\">https:\/\/municipalite.racine.qc.ca\/gestion-municipale\/histoire-et-patrimoine<\/a> &gt;.<\/p>\n\n\n\n<p class=\"has-small-font-size\">Ville de Sherbrooke. <em>Vie municipale<\/em> [site Web], 2020. Consult\u00e9 le 7 avril 2021. &lt;<a href=\"https:\/\/www.sherbrooke.ca\/fr\/vie-municipale\/planification-et-amenagement-du-territoire\/toponymie\">https:\/\/www.sherbrooke.ca\/fr\/vie-municipale\/planification-et-amenagement-du-territoire\/toponymie<\/a> &gt;.<\/p>\n\n\n\n<p>Sources consult\u00e9es au Centre d&rsquo;archives Mgr-Antoine-Racine&nbsp;:<\/p>\n\n\n\n<p class=\"has-small-font-size\"><em>Obituaire du clerg\u00e9 1874-1993<\/em>, 1994, Fonds Archev\u00each\u00e9 de Sherbrooke (A4,SH4). <\/p>\n\n\n\n<p class=\"has-small-font-size\"><em>Album des coupures de presse parus lors du d\u00e9c\u00e8s de Mgr Antoine Racine<\/em>, 1893, Fond Antoine Racine (P1005\/8.1C).<\/p>\n<\/div><\/div>\n\n\n\n<p class=\"has-small-font-size\"><em>Annuaire du S\u00e9minaire Saint-Charles-Borrom\u00e9e de Sherbrooke, 1893-1894, <\/em>vol.3, n\u00b019, Fonds S\u00e9minaire de Sherbrooke (S7130).<\/p>\n","protected":false},"excerpt":{"rendered":"<p>Mgr Antoine Racine: le bref portrait d&rsquo;un pr\u00eatre du paysage sherbrookois&#8230; <a href=\"https:\/\/www.archivesmgrracine.org\/diffusion\/2021\/10\/19\/nos-pretres-dans-le-paysage-sherbrookois-la-toponymie-et-patrimoine-religieux\/\">Lire la suite<\/a><\/p>\n<p><a class=\"btn btn-secondary understrap-read-more-link\" href=\"https:\/\/www.archivesmgrracine.org\/diffusion\/2021\/10\/19\/nos-pretres-dans-le-paysage-sherbrookois-la-toponymie-et-patrimoine-religieux\/\">Lire la suite&#8230;<\/a><\/p>\n","protected":false},"author":2,"featured_media":0,"comment_status":"closed","ping_status":"open","sticky":false,"template":"","format":"standard","meta":[],"categories":[1],"tags":[3,34],"yoast_head":"<!-- This site is optimized with the Yoast SEO plugin v17.6 - https:\/\/yoast.com\/wordpress\/plugins\/seo\/ -->\n<title>Nos pr\u00eatres dans le paysage sherbrookois : Mgr\u00a0Antoine Racine - Centre d\u2019archives Mgr-Antoine-Racine - Diffusion<\/title>\n<meta name=\"robots\" content=\"index, follow, max-snippet:-1, max-image-preview:large, max-video-preview:-1\" \/>\n<link rel=\"canonical\" href=\"https:\/\/www.archivesmgrracine.org\/diffusion\/2021\/10\/19\/nos-pretres-dans-le-paysage-sherbrookois-la-toponymie-et-patrimoine-religieux\/\" \/>\n<meta property=\"og:locale\" content=\"fr_FR\" \/>\n<meta property=\"og:type\" content=\"article\" \/>\n<meta property=\"og:title\" content=\"Nos pr\u00eatres dans le paysage sherbrookois : Mgr\u00a0Antoine Racine - Centre d\u2019archives Mgr-Antoine-Racine - Diffusion\" \/>\n<meta property=\"og:description\" content=\"Mgr Antoine Racine: le bref portrait d&#039;un pr\u00eatre du paysage sherbrookois... Lire la suiteLire la suite...\" \/>\n<meta property=\"og:url\" content=\"https:\/\/www.archivesmgrracine.org\/diffusion\/2021\/10\/19\/nos-pretres-dans-le-paysage-sherbrookois-la-toponymie-et-patrimoine-religieux\/\" \/>\n<meta property=\"og:site_name\" content=\"Centre d\u2019archives Mgr-Antoine-Racine - Diffusion\" \/>\n<meta property=\"article:published_time\" content=\"2021-10-19T17:30:00+00:00\" \/>\n<meta property=\"article:modified_time\" content=\"2024-11-06T14:16:12+00:00\" \/>\n<meta property=\"og:image\" content=\"https:\/\/www.archivesmgrracine.org\/diffusion\/wp-content\/uploads\/2021\/12\/A7SL-1-Racine-1-746x1024.jpg\" \/>\n<meta name=\"twitter:card\" content=\"summary_large_image\" \/>\n<meta name=\"twitter:label1\" content=\"\u00c9crit par\" \/>\n\t<meta name=\"twitter:data1\" content=\"Auteur Archives\" \/>\n\t<meta name=\"twitter:label2\" content=\"Dur\u00e9e de lecture estim\u00e9e\" \/>\n\t<meta name=\"twitter:data2\" content=\"6 minutes\" \/>\n<script type=\"application\/ld+json\" class=\"yoast-schema-graph\">{\"@context\":\"https:\/\/schema.org\",\"@graph\":[{\"@type\":\"WebSite\",\"@id\":\"https:\/\/www.archivesmgrracine.org\/diffusion\/#website\",\"url\":\"https:\/\/www.archivesmgrracine.org\/diffusion\/\",\"name\":\"Centre d\\u2019archives Mgr-Antoine-Racine - Diffusion\",\"description\":\"Des nouvelles, des articles, des publications, des entrevues du centre d\\u2019archives Mgr-Antoine-Racine\",\"potentialAction\":[{\"@type\":\"SearchAction\",\"target\":{\"@type\":\"EntryPoint\",\"urlTemplate\":\"https:\/\/www.archivesmgrracine.org\/diffusion\/?s={search_term_string}\"},\"query-input\":\"required name=search_term_string\"}],\"inLanguage\":\"fr-FR\"},{\"@type\":\"ImageObject\",\"@id\":\"https:\/\/www.archivesmgrracine.org\/diffusion\/2021\/10\/19\/nos-pretres-dans-le-paysage-sherbrookois-la-toponymie-et-patrimoine-religieux\/#primaryimage\",\"inLanguage\":\"fr-FR\",\"url\":\"https:\/\/www.archivesmgrracine.org\/diffusion\/wp-content\/uploads\/2021\/12\/A7SL-1-Racine-1.jpg\",\"contentUrl\":\"https:\/\/www.archivesmgrracine.org\/diffusion\/wp-content\/uploads\/2021\/12\/A7SL-1-Racine-1.jpg\",\"width\":1417,\"height\":1945},{\"@type\":\"WebPage\",\"@id\":\"https:\/\/www.archivesmgrracine.org\/diffusion\/2021\/10\/19\/nos-pretres-dans-le-paysage-sherbrookois-la-toponymie-et-patrimoine-religieux\/#webpage\",\"url\":\"https:\/\/www.archivesmgrracine.org\/diffusion\/2021\/10\/19\/nos-pretres-dans-le-paysage-sherbrookois-la-toponymie-et-patrimoine-religieux\/\",\"name\":\"Nos pr\\u00eatres dans le paysage sherbrookois : Mgr\\u00a0Antoine Racine - Centre d\\u2019archives Mgr-Antoine-Racine - Diffusion\",\"isPartOf\":{\"@id\":\"https:\/\/www.archivesmgrracine.org\/diffusion\/#website\"},\"primaryImageOfPage\":{\"@id\":\"https:\/\/www.archivesmgrracine.org\/diffusion\/2021\/10\/19\/nos-pretres-dans-le-paysage-sherbrookois-la-toponymie-et-patrimoine-religieux\/#primaryimage\"},\"datePublished\":\"2021-10-19T17:30:00+00:00\",\"dateModified\":\"2024-11-06T14:16:12+00:00\",\"author\":{\"@id\":\"https:\/\/www.archivesmgrracine.org\/diffusion\/#\/schema\/person\/bf65aaa4f99fb4c3de7f974776f16c8a\"},\"breadcrumb\":{\"@id\":\"https:\/\/www.archivesmgrracine.org\/diffusion\/2021\/10\/19\/nos-pretres-dans-le-paysage-sherbrookois-la-toponymie-et-patrimoine-religieux\/#breadcrumb\"},\"inLanguage\":\"fr-FR\",\"potentialAction\":[{\"@type\":\"ReadAction\",\"target\":[\"https:\/\/www.archivesmgrracine.org\/diffusion\/2021\/10\/19\/nos-pretres-dans-le-paysage-sherbrookois-la-toponymie-et-patrimoine-religieux\/\"]}]},{\"@type\":\"BreadcrumbList\",\"@id\":\"https:\/\/www.archivesmgrracine.org\/diffusion\/2021\/10\/19\/nos-pretres-dans-le-paysage-sherbrookois-la-toponymie-et-patrimoine-religieux\/#breadcrumb\",\"itemListElement\":[{\"@type\":\"ListItem\",\"position\":1,\"name\":\"Accueil\",\"item\":\"https:\/\/www.archivesmgrracine.org\/diffusion\/\"},{\"@type\":\"ListItem\",\"position\":2,\"name\":\"Nos pr\\u00eatres dans le paysage sherbrookois : Mgr\\u00a0Antoine Racine\"}]},{\"@type\":\"Person\",\"@id\":\"https:\/\/www.archivesmgrracine.org\/diffusion\/#\/schema\/person\/bf65aaa4f99fb4c3de7f974776f16c8a\",\"name\":\"Auteur Archives\",\"image\":{\"@type\":\"ImageObject\",\"@id\":\"https:\/\/www.archivesmgrracine.org\/diffusion\/#personlogo\",\"inLanguage\":\"fr-FR\",\"url\":\"https:\/\/secure.gravatar.com\/avatar\/0a4a7ba78331e6660e65e8c1533aa0e0?s=96&d=mm&r=g\",\"contentUrl\":\"https:\/\/secure.gravatar.com\/avatar\/0a4a7ba78331e6660e65e8c1533aa0e0?s=96&d=mm&r=g\",\"caption\":\"Auteur Archives\"},\"url\":\"https:\/\/www.archivesmgrracine.org\/diffusion\/author\/auteur_archives\/\"}]}<\/script>\n<!-- \/ Yoast SEO plugin. -->","yoast_head_json":{"title":"Nos pr\u00eatres dans le paysage sherbrookois : Mgr\u00a0Antoine Racine - Centre d\u2019archives Mgr-Antoine-Racine - Diffusion","robots":{"index":"index","follow":"follow","max-snippet":"max-snippet:-1","max-image-preview":"max-image-preview:large","max-video-preview":"max-video-preview:-1"},"canonical":"https:\/\/www.archivesmgrracine.org\/diffusion\/2021\/10\/19\/nos-pretres-dans-le-paysage-sherbrookois-la-toponymie-et-patrimoine-religieux\/","og_locale":"fr_FR","og_type":"article","og_title":"Nos pr\u00eatres dans le paysage sherbrookois : Mgr\u00a0Antoine Racine - Centre d\u2019archives Mgr-Antoine-Racine - Diffusion","og_description":"Mgr Antoine Racine: le bref portrait d'un pr\u00eatre du paysage sherbrookois... Lire la suiteLire la suite...","og_url":"https:\/\/www.archivesmgrracine.org\/diffusion\/2021\/10\/19\/nos-pretres-dans-le-paysage-sherbrookois-la-toponymie-et-patrimoine-religieux\/","og_site_name":"Centre d\u2019archives Mgr-Antoine-Racine - Diffusion","article_published_time":"2021-10-19T17:30:00+00:00","article_modified_time":"2024-11-06T14:16:12+00:00","og_image":[{"url":"https:\/\/www.archivesmgrracine.org\/diffusion\/wp-content\/uploads\/2021\/12\/A7SL-1-Racine-1-746x1024.jpg"}],"twitter_card":"summary_large_image","twitter_misc":{"\u00c9crit par":"Auteur Archives","Dur\u00e9e de lecture estim\u00e9e":"6 minutes"},"schema":{"@context":"https:\/\/schema.org","@graph":[{"@type":"WebSite","@id":"https:\/\/www.archivesmgrracine.org\/diffusion\/#website","url":"https:\/\/www.archivesmgrracine.org\/diffusion\/","name":"Centre d\u2019archives Mgr-Antoine-Racine - Diffusion","description":"Des nouvelles, des articles, des publications, des entrevues du centre d\u2019archives Mgr-Antoine-Racine","potentialAction":[{"@type":"SearchAction","target":{"@type":"EntryPoint","urlTemplate":"https:\/\/www.archivesmgrracine.org\/diffusion\/?s={search_term_string}"},"query-input":"required name=search_term_string"}],"inLanguage":"fr-FR"},{"@type":"ImageObject","@id":"https:\/\/www.archivesmgrracine.org\/diffusion\/2021\/10\/19\/nos-pretres-dans-le-paysage-sherbrookois-la-toponymie-et-patrimoine-religieux\/#primaryimage","inLanguage":"fr-FR","url":"https:\/\/www.archivesmgrracine.org\/diffusion\/wp-content\/uploads\/2021\/12\/A7SL-1-Racine-1.jpg","contentUrl":"https:\/\/www.archivesmgrracine.org\/diffusion\/wp-content\/uploads\/2021\/12\/A7SL-1-Racine-1.jpg","width":1417,"height":1945},{"@type":"WebPage","@id":"https:\/\/www.archivesmgrracine.org\/diffusion\/2021\/10\/19\/nos-pretres-dans-le-paysage-sherbrookois-la-toponymie-et-patrimoine-religieux\/#webpage","url":"https:\/\/www.archivesmgrracine.org\/diffusion\/2021\/10\/19\/nos-pretres-dans-le-paysage-sherbrookois-la-toponymie-et-patrimoine-religieux\/","name":"Nos pr\u00eatres dans le paysage sherbrookois : Mgr\u00a0Antoine Racine - Centre d\u2019archives Mgr-Antoine-Racine - Diffusion","isPartOf":{"@id":"https:\/\/www.archivesmgrracine.org\/diffusion\/#website"},"primaryImageOfPage":{"@id":"https:\/\/www.archivesmgrracine.org\/diffusion\/2021\/10\/19\/nos-pretres-dans-le-paysage-sherbrookois-la-toponymie-et-patrimoine-religieux\/#primaryimage"},"datePublished":"2021-10-19T17:30:00+00:00","dateModified":"2024-11-06T14:16:12+00:00","author":{"@id":"https:\/\/www.archivesmgrracine.org\/diffusion\/#\/schema\/person\/bf65aaa4f99fb4c3de7f974776f16c8a"},"breadcrumb":{"@id":"https:\/\/www.archivesmgrracine.org\/diffusion\/2021\/10\/19\/nos-pretres-dans-le-paysage-sherbrookois-la-toponymie-et-patrimoine-religieux\/#breadcrumb"},"inLanguage":"fr-FR","potentialAction":[{"@type":"ReadAction","target":["https:\/\/www.archivesmgrracine.org\/diffusion\/2021\/10\/19\/nos-pretres-dans-le-paysage-sherbrookois-la-toponymie-et-patrimoine-religieux\/"]}]},{"@type":"BreadcrumbList","@id":"https:\/\/www.archivesmgrracine.org\/diffusion\/2021\/10\/19\/nos-pretres-dans-le-paysage-sherbrookois-la-toponymie-et-patrimoine-religieux\/#breadcrumb","itemListElement":[{"@type":"ListItem","position":1,"name":"Accueil","item":"https:\/\/www.archivesmgrracine.org\/diffusion\/"},{"@type":"ListItem","position":2,"name":"Nos pr\u00eatres dans le paysage sherbrookois : Mgr\u00a0Antoine Racine"}]},{"@type":"Person","@id":"https:\/\/www.archivesmgrracine.org\/diffusion\/#\/schema\/person\/bf65aaa4f99fb4c3de7f974776f16c8a","name":"Auteur Archives","image":{"@type":"ImageObject","@id":"https:\/\/www.archivesmgrracine.org\/diffusion\/#personlogo","inLanguage":"fr-FR","url":"https:\/\/secure.gravatar.com\/avatar\/0a4a7ba78331e6660e65e8c1533aa0e0?s=96&d=mm&r=g","contentUrl":"https:\/\/secure.gravatar.com\/avatar\/0a4a7ba78331e6660e65e8c1533aa0e0?s=96&d=mm&r=g","caption":"Auteur Archives"},"url":"https:\/\/www.archivesmgrracine.org\/diffusion\/author\/auteur_archives\/"}]}},"_links":{"self":[{"href":"https:\/\/www.archivesmgrracine.org\/diffusion\/wp-json\/wp\/v2\/posts\/108"}],"collection":[{"href":"https:\/\/www.archivesmgrracine.org\/diffusion\/wp-json\/wp\/v2\/posts"}],"about":[{"href":"https:\/\/www.archivesmgrracine.org\/diffusion\/wp-json\/wp\/v2\/types\/post"}],"author":[{"embeddable":true,"href":"https:\/\/www.archivesmgrracine.org\/diffusion\/wp-json\/wp\/v2\/users\/2"}],"replies":[{"embeddable":true,"href":"https:\/\/www.archivesmgrracine.org\/diffusion\/wp-json\/wp\/v2\/comments?post=108"}],"version-history":[{"count":37,"href":"https:\/\/www.archivesmgrracine.org\/diffusion\/wp-json\/wp\/v2\/posts\/108\/revisions"}],"predecessor-version":[{"id":462,"href":"https:\/\/www.archivesmgrracine.org\/diffusion\/wp-json\/wp\/v2\/posts\/108\/revisions\/462"}],"wp:attachment":[{"href":"https:\/\/www.archivesmgrracine.org\/diffusion\/wp-json\/wp\/v2\/media?parent=108"}],"wp:term":[{"taxonomy":"category","embeddable":true,"href":"https:\/\/www.archivesmgrracine.org\/diffusion\/wp-json\/wp\/v2\/categories?post=108"},{"taxonomy":"post_tag","embeddable":true,"href":"https:\/\/www.archivesmgrracine.org\/diffusion\/wp-json\/wp\/v2\/tags?post=108"}],"curies":[{"name":"wp","href":"https:\/\/api.w.org\/{rel}","templated":true}]}}