{"id":802,"date":"2026-03-06T22:09:00","date_gmt":"2026-03-06T22:09:00","guid":{"rendered":"https:\/\/www.archivesmgrracine.org\/diffusion\/?p=802"},"modified":"2026-03-09T13:50:10","modified_gmt":"2026-03-09T13:50:10","slug":"une-voix-qui-inspire-elaine-coderre-poirier","status":"publish","type":"post","link":"https:\/\/www.archivesmgrracine.org\/diffusion\/2026\/03\/06\/une-voix-qui-inspire-elaine-coderre-poirier\/","title":{"rendered":"Une voix qui inspire: \u00c9laine Coderre Poirier"},"content":{"rendered":"\n<h2 class=\"has-medium-font-size\">Par Cassandra Fortin, Directrice-Archiviste du Centre d&rsquo;archives Mgr-Antoine-Racine<\/h2>\n\n\n\n<div class=\"wp-block-image\"><figure class=\"alignright size-large is-resized\"><img src=\"https:\/\/www.archivesmgrracine.org\/diffusion\/wp-content\/uploads\/2026\/03\/2022-050C-1021x1024.jpeg\" alt=\"\" class=\"wp-image-803\" width=\"375\" height=\"376\" srcset=\"https:\/\/www.archivesmgrracine.org\/diffusion\/wp-content\/uploads\/2026\/03\/2022-050C-1021x1024.jpeg 1021w, https:\/\/www.archivesmgrracine.org\/diffusion\/wp-content\/uploads\/2026\/03\/2022-050C-300x300.jpeg 300w, https:\/\/www.archivesmgrracine.org\/diffusion\/wp-content\/uploads\/2026\/03\/2022-050C-150x150.jpeg 150w, https:\/\/www.archivesmgrracine.org\/diffusion\/wp-content\/uploads\/2026\/03\/2022-050C-768x770.jpeg 768w, https:\/\/www.archivesmgrracine.org\/diffusion\/wp-content\/uploads\/2026\/03\/2022-050C-1531x1536.jpeg 1531w, https:\/\/www.archivesmgrracine.org\/diffusion\/wp-content\/uploads\/2026\/03\/2022-050C.jpeg 1922w\" sizes=\"(max-width: 375px) 100vw, 375px\" \/><figcaption>\u00c9laine Coderre Poirier donnant la main \u00e0 un pr\u00eatre, 22 avril 1965, 2022-050C<\/figcaption><\/figure><\/div>\n\n\n\n<p>Le Conseil du statut de la femme a choisi comme th\u00e9matique de campagne 2026 pour la journ\u00e9e internationale des droits des femmes&nbsp;: \u00ab Des voix qui inspirent \u00bb. Aussi, nous souhaitons aujourd\u2019hui vous partager le souvenir d\u2019une femme inspirante qui a d\u00e9di\u00e9 sa vie aux autres&nbsp;: Madame \u00c9laine Coderre Poirier. &nbsp;<\/p>\n\n\n\n<h3>La vie active<\/h3>\n\n\n\n<p>\u00c9laine Coderre est n\u00e9e le 29&nbsp;juin 1916 \u00e0 Richford au Vermont. Elle fit ses \u00e9tudes comme infirmi\u00e8re \u00e0 New York, puis, apr\u00e8s la Secondaire Guerre mondiale, elle est engag\u00e9e comme infirmi\u00e8re pour le d\u00e9partement des jeunes filles et dames \u00e0 l\u2019h\u00f4pital Saint-Vincent-de-Paul de Sherbrooke durant 6&nbsp;ans. Cette derni\u00e8re est grandement appr\u00e9ci\u00e9e des malades pour sa bont\u00e9 et son d\u00e9vouement. Cependant, la maladie la frappe aussi, alors qu\u2019elle re\u00e7oit un diagnostic d\u2019une tumeur au cervelet en 1955. Apr\u00e8s une ann\u00e9e d\u2019hospitalisation, cette femme active, toujours pr\u00eatre \u00e0 aider son prochain, se retrouve en chaise roulante et se sent inutile. Aussi, lorsque le p\u00e8re Jacques Gayet lui fait part de l\u2019existence des fraternit\u00e9s d\u2019entraide et de soutien, elle prend son t\u00e9l\u00e9phone et d\u00e9cide de mettre en branle la cr\u00e9ation d\u2019une fraternit\u00e9 semblable.<\/p>\n\n\n\n<div class=\"wp-block-image\"><figure class=\"alignleft size-large is-resized\"><img src=\"https:\/\/www.archivesmgrracine.org\/diffusion\/wp-content\/uploads\/2026\/03\/P1113_1-1-838x1024.jpg\" alt=\"\" class=\"wp-image-805\" width=\"200\" height=\"244\" srcset=\"https:\/\/www.archivesmgrracine.org\/diffusion\/wp-content\/uploads\/2026\/03\/P1113_1-1-838x1024.jpg 838w, https:\/\/www.archivesmgrracine.org\/diffusion\/wp-content\/uploads\/2026\/03\/P1113_1-1-246x300.jpg 246w, https:\/\/www.archivesmgrracine.org\/diffusion\/wp-content\/uploads\/2026\/03\/P1113_1-1-768x938.jpg 768w, https:\/\/www.archivesmgrracine.org\/diffusion\/wp-content\/uploads\/2026\/03\/P1113_1-1.jpg 1082w\" sizes=\"(max-width: 200px) 100vw, 200px\" \/><figcaption>D\u00e9tail du logo de la Fraternit\u00e9 des Malades de Sherbrooke Inc., 1976, P1113\/1.1<\/figcaption><\/figure><\/div>\n\n\n\n<h3>La Fraternit\u00e9 des Malades de Sherbrooke inc.<\/h3>\n\n\n\n<p>C\u2019est ainsi qu\u2019est officiellement fond\u00e9e la Fraternit\u00e9 des malades de Sherbrooke inc. en 1962, gr\u00e2ce aux efforts d&rsquo;\u00c9laine Coderre-Poirier, d&rsquo;Yvonne C\u00f4t\u00e9 et du P\u00e8re Gayet. Il s&rsquo;agit de la premi\u00e8re filiale canadienne de la Fraternit\u00e9 catholique des Malades et Infirmes. Ce mouvement vise essentiellement \u00e0 aider toutes les personnes souffrant d&rsquo;une maladie chronique ou d&rsquo;un handicap \u00e0 s&rsquo;int\u00e9grer dans leur milieu gr\u00e2ce \u00e0 un r\u00e9seau d&rsquo;entraide, en plus de favoriser l&rsquo;\u00e9panouissement des individus par des rencontres sociales et des activit\u00e9s sportives et culturelles. La Fraternit\u00e9 des Malades de Sherbrooke inc. aura occup\u00e9 Madame Coderre Poirier durant plus de 15&nbsp;ann\u00e9es, avant que celle-ci passe le flambeau. Elle re\u00e7ut d\u2019ailleurs de la part de Mgr Jean-Marie Fortier une m\u00e9daille de l\u2019ordre du m\u00e9rite dioc\u00e9sain de Saint-Michel, le 27&nbsp;octobre 1975.<\/p>\n\n\n\n<div class=\"wp-block-image\"><figure class=\"alignright size-large is-resized\"><img src=\"https:\/\/www.archivesmgrracine.org\/diffusion\/wp-content\/uploads\/2026\/03\/APA1892-001-540x1024.jpeg\" alt=\"\" class=\"wp-image-812\" width=\"178\" height=\"338\" srcset=\"https:\/\/www.archivesmgrracine.org\/diffusion\/wp-content\/uploads\/2026\/03\/APA1892-001-540x1024.jpeg 540w, https:\/\/www.archivesmgrracine.org\/diffusion\/wp-content\/uploads\/2026\/03\/APA1892-001-158x300.jpeg 158w, https:\/\/www.archivesmgrracine.org\/diffusion\/wp-content\/uploads\/2026\/03\/APA1892-001-768x1456.jpeg 768w, https:\/\/www.archivesmgrracine.org\/diffusion\/wp-content\/uploads\/2026\/03\/APA1892-001-810x1536.jpeg 810w, https:\/\/www.archivesmgrracine.org\/diffusion\/wp-content\/uploads\/2026\/03\/APA1892-001-1080x2048.jpeg 1080w, https:\/\/www.archivesmgrracine.org\/diffusion\/wp-content\/uploads\/2026\/03\/APA1892-001.jpeg 1296w\" sizes=\"(max-width: 178px) 100vw, 178px\" \/><figcaption>Carte mortuaire d&rsquo;\u00c9laine Coderre Poirier, 1959, APA1892.001<\/figcaption><\/figure><\/div>\n\n\n\n<h3>D\u00e9c\u00e8s tragique<\/h3>\n\n\n\n<p>La vie d\u2019\u00c9laine Coderre-Poirier s\u2019\u00e9teint brusquement avec celle de trois autres personnes lors de l\u2019exposition du syst\u00e8me de chauffage de son logis, le 15 d\u00e9cembre 1975. Ses fun\u00e9railles, c\u00e9l\u00e9br\u00e9es \u00e0 la Basilique-Cath\u00e9drale St-Michel, accueilleront de nombreux malades qui souhaitent faire leurs derniers adieux \u00e0 cette grande dame. Un mois avant son d\u00e9c\u00e8s, elle apprenait qu\u2019elle avait \u00e9t\u00e9 s\u00e9lectionn\u00e9e comme personnalit\u00e9 de l\u2019ann\u00e9e du Cercle personnalit\u00e9 de Sherbrooke. Cet honneur lui sera remis \u00e0 titre posthume.&nbsp;&nbsp;&nbsp; &nbsp;&nbsp;<\/p>\n\n\n\n<blockquote class=\"wp-block-quote is-style-large has-small-font-size\"><p>\u00ab Elle \u00e9tait merveilleuse et toujours pr\u00eatre \u00e0 rendre service 24 heures par jour. Il n\u2019y en a pas d\u2019autres comme elle. Elle basait sa vie sur l\u2019amour, le partage, le sourire, sur ce qu\u2019elle appelait sa doctrine d\u2019amour, et, \u00e0 la Fraternit\u00e9, on se rassemblait toujours autour d\u2019\u00c9laine. Elle \u00e9tait le pivot de l\u2019association \u00bb<\/p><cite>T\u00e9moignage de l\u2019abb\u00e9 Antoine Samson, La Tribune, 16&nbsp;d\u00e9cembre 1975.&nbsp;<\/cite><\/blockquote>\n\n\n\n<h2>R\u00e9f\u00e9rences<\/h2>\n\n\n\n<p>Fonds P1113 \u2013 Fonds Fraternit\u00e9 des Malades de Sherbrooke Inc.<\/p>\n","protected":false},"excerpt":{"rendered":"<p>Le Conseil du statut de la femme a choisi comme th\u00e9matique de campagne 2026 pour la journ\u00e9e internationale des droits des femmes\u00a0: \u00ab Des voix qui inspirent \u00bb. Aussi, nous souhaitons aujourd\u2019hui vous partager le souvenir d\u2019une femme inspirante qui a d\u00e9di\u00e9 sa vie aux autres\u00a0: Madame \u00c9laine Coderre Poirier&#8230; <a href=\"https:\/\/www.archivesmgrracine.org\/diffusion\/2026\/03\/06\/une-voix-qui-inspire-elaine-coderre-poirier\/\">Lire la suite<\/a><\/p>\n<p><a class=\"btn btn-secondary understrap-read-more-link\" href=\"https:\/\/www.archivesmgrracine.org\/diffusion\/2026\/03\/06\/une-voix-qui-inspire-elaine-coderre-poirier\/\">Lire la suite&#8230;<\/a><\/p>\n","protected":false},"author":2,"featured_media":0,"comment_status":"closed","ping_status":"open","sticky":false,"template":"","format":"standard","meta":[],"categories":[1],"tags":[72,73],"yoast_head":"<!-- This site is optimized with the Yoast SEO plugin v17.6 - https:\/\/yoast.com\/wordpress\/plugins\/seo\/ -->\n<title>Une voix qui inspire: \u00c9laine Coderre Poirier - Centre d\u2019archives Mgr-Antoine-Racine - Diffusion<\/title>\n<meta name=\"robots\" content=\"index, follow, max-snippet:-1, max-image-preview:large, max-video-preview:-1\" \/>\n<link rel=\"canonical\" href=\"https:\/\/www.archivesmgrracine.org\/diffusion\/2026\/03\/06\/une-voix-qui-inspire-elaine-coderre-poirier\/\" \/>\n<meta property=\"og:locale\" content=\"fr_FR\" \/>\n<meta property=\"og:type\" content=\"article\" \/>\n<meta property=\"og:title\" content=\"Une voix qui inspire: \u00c9laine Coderre Poirier - Centre d\u2019archives Mgr-Antoine-Racine - Diffusion\" \/>\n<meta property=\"og:description\" content=\"Le Conseil du statut de la femme a choisi comme th\u00e9matique de campagne 2026 pour la journ\u00e9e internationale des droits des femmes\u00a0: \u00ab Des voix qui inspirent \u00bb. Aussi, nous souhaitons aujourd\u2019hui vous partager le souvenir d\u2019une femme inspirante qui a d\u00e9di\u00e9 sa vie aux autres\u00a0: Madame \u00c9laine Coderre Poirier... Lire la suiteLire la suite...\" \/>\n<meta property=\"og:url\" content=\"https:\/\/www.archivesmgrracine.org\/diffusion\/2026\/03\/06\/une-voix-qui-inspire-elaine-coderre-poirier\/\" \/>\n<meta property=\"og:site_name\" content=\"Centre d\u2019archives Mgr-Antoine-Racine - Diffusion\" \/>\n<meta property=\"article:published_time\" content=\"2026-03-06T22:09:00+00:00\" \/>\n<meta property=\"article:modified_time\" content=\"2026-03-09T13:50:10+00:00\" \/>\n<meta property=\"og:image\" content=\"https:\/\/www.archivesmgrracine.org\/diffusion\/wp-content\/uploads\/2026\/03\/2022-050C-1021x1024.jpeg\" \/>\n<meta name=\"twitter:card\" content=\"summary_large_image\" \/>\n<meta name=\"twitter:label1\" content=\"\u00c9crit par\" \/>\n\t<meta name=\"twitter:data1\" content=\"Auteur Archives\" \/>\n\t<meta name=\"twitter:label2\" content=\"Dur\u00e9e de lecture estim\u00e9e\" \/>\n\t<meta name=\"twitter:data2\" content=\"3 minutes\" \/>\n<script type=\"application\/ld+json\" class=\"yoast-schema-graph\">{\"@context\":\"https:\/\/schema.org\",\"@graph\":[{\"@type\":\"WebSite\",\"@id\":\"https:\/\/www.archivesmgrracine.org\/diffusion\/#website\",\"url\":\"https:\/\/www.archivesmgrracine.org\/diffusion\/\",\"name\":\"Centre d\\u2019archives Mgr-Antoine-Racine - Diffusion\",\"description\":\"Des nouvelles, des articles, des publications, des entrevues du centre d\\u2019archives Mgr-Antoine-Racine\",\"potentialAction\":[{\"@type\":\"SearchAction\",\"target\":{\"@type\":\"EntryPoint\",\"urlTemplate\":\"https:\/\/www.archivesmgrracine.org\/diffusion\/?s={search_term_string}\"},\"query-input\":\"required name=search_term_string\"}],\"inLanguage\":\"fr-FR\"},{\"@type\":\"ImageObject\",\"@id\":\"https:\/\/www.archivesmgrracine.org\/diffusion\/2026\/03\/06\/une-voix-qui-inspire-elaine-coderre-poirier\/#primaryimage\",\"inLanguage\":\"fr-FR\",\"url\":\"https:\/\/www.archivesmgrracine.org\/diffusion\/wp-content\/uploads\/2026\/03\/2022-050C.jpeg\",\"contentUrl\":\"https:\/\/www.archivesmgrracine.org\/diffusion\/wp-content\/uploads\/2026\/03\/2022-050C.jpeg\",\"width\":1922,\"height\":1928},{\"@type\":\"WebPage\",\"@id\":\"https:\/\/www.archivesmgrracine.org\/diffusion\/2026\/03\/06\/une-voix-qui-inspire-elaine-coderre-poirier\/#webpage\",\"url\":\"https:\/\/www.archivesmgrracine.org\/diffusion\/2026\/03\/06\/une-voix-qui-inspire-elaine-coderre-poirier\/\",\"name\":\"Une voix qui inspire: \\u00c9laine Coderre Poirier - Centre d\\u2019archives Mgr-Antoine-Racine - Diffusion\",\"isPartOf\":{\"@id\":\"https:\/\/www.archivesmgrracine.org\/diffusion\/#website\"},\"primaryImageOfPage\":{\"@id\":\"https:\/\/www.archivesmgrracine.org\/diffusion\/2026\/03\/06\/une-voix-qui-inspire-elaine-coderre-poirier\/#primaryimage\"},\"datePublished\":\"2026-03-06T22:09:00+00:00\",\"dateModified\":\"2026-03-09T13:50:10+00:00\",\"author\":{\"@id\":\"https:\/\/www.archivesmgrracine.org\/diffusion\/#\/schema\/person\/bf65aaa4f99fb4c3de7f974776f16c8a\"},\"breadcrumb\":{\"@id\":\"https:\/\/www.archivesmgrracine.org\/diffusion\/2026\/03\/06\/une-voix-qui-inspire-elaine-coderre-poirier\/#breadcrumb\"},\"inLanguage\":\"fr-FR\",\"potentialAction\":[{\"@type\":\"ReadAction\",\"target\":[\"https:\/\/www.archivesmgrracine.org\/diffusion\/2026\/03\/06\/une-voix-qui-inspire-elaine-coderre-poirier\/\"]}]},{\"@type\":\"BreadcrumbList\",\"@id\":\"https:\/\/www.archivesmgrracine.org\/diffusion\/2026\/03\/06\/une-voix-qui-inspire-elaine-coderre-poirier\/#breadcrumb\",\"itemListElement\":[{\"@type\":\"ListItem\",\"position\":1,\"name\":\"Accueil\",\"item\":\"https:\/\/www.archivesmgrracine.org\/diffusion\/\"},{\"@type\":\"ListItem\",\"position\":2,\"name\":\"Une voix qui inspire: \\u00c9laine Coderre Poirier\"}]},{\"@type\":\"Person\",\"@id\":\"https:\/\/www.archivesmgrracine.org\/diffusion\/#\/schema\/person\/bf65aaa4f99fb4c3de7f974776f16c8a\",\"name\":\"Auteur Archives\",\"image\":{\"@type\":\"ImageObject\",\"@id\":\"https:\/\/www.archivesmgrracine.org\/diffusion\/#personlogo\",\"inLanguage\":\"fr-FR\",\"url\":\"https:\/\/secure.gravatar.com\/avatar\/0a4a7ba78331e6660e65e8c1533aa0e0?s=96&d=mm&r=g\",\"contentUrl\":\"https:\/\/secure.gravatar.com\/avatar\/0a4a7ba78331e6660e65e8c1533aa0e0?s=96&d=mm&r=g\",\"caption\":\"Auteur Archives\"},\"url\":\"https:\/\/www.archivesmgrracine.org\/diffusion\/author\/auteur_archives\/\"}]}<\/script>\n<!-- \/ Yoast SEO plugin. -->","yoast_head_json":{"title":"Une voix qui inspire: \u00c9laine Coderre Poirier - Centre d\u2019archives Mgr-Antoine-Racine - Diffusion","robots":{"index":"index","follow":"follow","max-snippet":"max-snippet:-1","max-image-preview":"max-image-preview:large","max-video-preview":"max-video-preview:-1"},"canonical":"https:\/\/www.archivesmgrracine.org\/diffusion\/2026\/03\/06\/une-voix-qui-inspire-elaine-coderre-poirier\/","og_locale":"fr_FR","og_type":"article","og_title":"Une voix qui inspire: \u00c9laine Coderre Poirier - Centre d\u2019archives Mgr-Antoine-Racine - Diffusion","og_description":"Le Conseil du statut de la femme a choisi comme th\u00e9matique de campagne 2026 pour la journ\u00e9e internationale des droits des femmes\u00a0: \u00ab Des voix qui inspirent \u00bb. Aussi, nous souhaitons aujourd\u2019hui vous partager le souvenir d\u2019une femme inspirante qui a d\u00e9di\u00e9 sa vie aux autres\u00a0: Madame \u00c9laine Coderre Poirier... Lire la suiteLire la suite...","og_url":"https:\/\/www.archivesmgrracine.org\/diffusion\/2026\/03\/06\/une-voix-qui-inspire-elaine-coderre-poirier\/","og_site_name":"Centre d\u2019archives Mgr-Antoine-Racine - Diffusion","article_published_time":"2026-03-06T22:09:00+00:00","article_modified_time":"2026-03-09T13:50:10+00:00","og_image":[{"url":"https:\/\/www.archivesmgrracine.org\/diffusion\/wp-content\/uploads\/2026\/03\/2022-050C-1021x1024.jpeg"}],"twitter_card":"summary_large_image","twitter_misc":{"\u00c9crit par":"Auteur Archives","Dur\u00e9e de lecture estim\u00e9e":"3 minutes"},"schema":{"@context":"https:\/\/schema.org","@graph":[{"@type":"WebSite","@id":"https:\/\/www.archivesmgrracine.org\/diffusion\/#website","url":"https:\/\/www.archivesmgrracine.org\/diffusion\/","name":"Centre d\u2019archives Mgr-Antoine-Racine - Diffusion","description":"Des nouvelles, des articles, des publications, des entrevues du centre d\u2019archives Mgr-Antoine-Racine","potentialAction":[{"@type":"SearchAction","target":{"@type":"EntryPoint","urlTemplate":"https:\/\/www.archivesmgrracine.org\/diffusion\/?s={search_term_string}"},"query-input":"required name=search_term_string"}],"inLanguage":"fr-FR"},{"@type":"ImageObject","@id":"https:\/\/www.archivesmgrracine.org\/diffusion\/2026\/03\/06\/une-voix-qui-inspire-elaine-coderre-poirier\/#primaryimage","inLanguage":"fr-FR","url":"https:\/\/www.archivesmgrracine.org\/diffusion\/wp-content\/uploads\/2026\/03\/2022-050C.jpeg","contentUrl":"https:\/\/www.archivesmgrracine.org\/diffusion\/wp-content\/uploads\/2026\/03\/2022-050C.jpeg","width":1922,"height":1928},{"@type":"WebPage","@id":"https:\/\/www.archivesmgrracine.org\/diffusion\/2026\/03\/06\/une-voix-qui-inspire-elaine-coderre-poirier\/#webpage","url":"https:\/\/www.archivesmgrracine.org\/diffusion\/2026\/03\/06\/une-voix-qui-inspire-elaine-coderre-poirier\/","name":"Une voix qui inspire: \u00c9laine Coderre Poirier - Centre d\u2019archives Mgr-Antoine-Racine - Diffusion","isPartOf":{"@id":"https:\/\/www.archivesmgrracine.org\/diffusion\/#website"},"primaryImageOfPage":{"@id":"https:\/\/www.archivesmgrracine.org\/diffusion\/2026\/03\/06\/une-voix-qui-inspire-elaine-coderre-poirier\/#primaryimage"},"datePublished":"2026-03-06T22:09:00+00:00","dateModified":"2026-03-09T13:50:10+00:00","author":{"@id":"https:\/\/www.archivesmgrracine.org\/diffusion\/#\/schema\/person\/bf65aaa4f99fb4c3de7f974776f16c8a"},"breadcrumb":{"@id":"https:\/\/www.archivesmgrracine.org\/diffusion\/2026\/03\/06\/une-voix-qui-inspire-elaine-coderre-poirier\/#breadcrumb"},"inLanguage":"fr-FR","potentialAction":[{"@type":"ReadAction","target":["https:\/\/www.archivesmgrracine.org\/diffusion\/2026\/03\/06\/une-voix-qui-inspire-elaine-coderre-poirier\/"]}]},{"@type":"BreadcrumbList","@id":"https:\/\/www.archivesmgrracine.org\/diffusion\/2026\/03\/06\/une-voix-qui-inspire-elaine-coderre-poirier\/#breadcrumb","itemListElement":[{"@type":"ListItem","position":1,"name":"Accueil","item":"https:\/\/www.archivesmgrracine.org\/diffusion\/"},{"@type":"ListItem","position":2,"name":"Une voix qui inspire: \u00c9laine Coderre Poirier"}]},{"@type":"Person","@id":"https:\/\/www.archivesmgrracine.org\/diffusion\/#\/schema\/person\/bf65aaa4f99fb4c3de7f974776f16c8a","name":"Auteur Archives","image":{"@type":"ImageObject","@id":"https:\/\/www.archivesmgrracine.org\/diffusion\/#personlogo","inLanguage":"fr-FR","url":"https:\/\/secure.gravatar.com\/avatar\/0a4a7ba78331e6660e65e8c1533aa0e0?s=96&d=mm&r=g","contentUrl":"https:\/\/secure.gravatar.com\/avatar\/0a4a7ba78331e6660e65e8c1533aa0e0?s=96&d=mm&r=g","caption":"Auteur Archives"},"url":"https:\/\/www.archivesmgrracine.org\/diffusion\/author\/auteur_archives\/"}]}},"_links":{"self":[{"href":"https:\/\/www.archivesmgrracine.org\/diffusion\/wp-json\/wp\/v2\/posts\/802"}],"collection":[{"href":"https:\/\/www.archivesmgrracine.org\/diffusion\/wp-json\/wp\/v2\/posts"}],"about":[{"href":"https:\/\/www.archivesmgrracine.org\/diffusion\/wp-json\/wp\/v2\/types\/post"}],"author":[{"embeddable":true,"href":"https:\/\/www.archivesmgrracine.org\/diffusion\/wp-json\/wp\/v2\/users\/2"}],"replies":[{"embeddable":true,"href":"https:\/\/www.archivesmgrracine.org\/diffusion\/wp-json\/wp\/v2\/comments?post=802"}],"version-history":[{"count":32,"href":"https:\/\/www.archivesmgrracine.org\/diffusion\/wp-json\/wp\/v2\/posts\/802\/revisions"}],"predecessor-version":[{"id":839,"href":"https:\/\/www.archivesmgrracine.org\/diffusion\/wp-json\/wp\/v2\/posts\/802\/revisions\/839"}],"wp:attachment":[{"href":"https:\/\/www.archivesmgrracine.org\/diffusion\/wp-json\/wp\/v2\/media?parent=802"}],"wp:term":[{"taxonomy":"category","embeddable":true,"href":"https:\/\/www.archivesmgrracine.org\/diffusion\/wp-json\/wp\/v2\/categories?post=802"},{"taxonomy":"post_tag","embeddable":true,"href":"https:\/\/www.archivesmgrracine.org\/diffusion\/wp-json\/wp\/v2\/tags?post=802"}],"curies":[{"name":"wp","href":"https:\/\/api.w.org\/{rel}","templated":true}]}}